{"id":1249,"global_id":"acelerapyme.asime.es\/coruna?id=1249","global_id_lineage":["acelerapyme.asime.es\/coruna?id=1249"],"author":"2","status":"publish","date":"2023-05-12 12:29:54","date_utc":"2023-05-12 12:29:54","modified":"2023-06-06 08:57:59","modified_utc":"2023-06-06 08:57:59","url":"https:\/\/acelerapyme.asime.es\/coruna\/evento\/taller-como-optimizar-la-presencia-online-de-tu-empresa\/","rest_url":"https:\/\/acelerapyme.asime.es\/coruna\/wp-json\/tribe\/events\/v1\/events\/1249","title":"Taller: C\u00f3mo optimizar la presencia online de tu empresa","description":"<p>Nos complace anunciaros la celebraci\u00f3n de nuestro primer Taller para el <a href=\"https:\/\/www.sada.gal\/\" target=\"_blank\" rel=\"noopener\">Concello de Sada<\/a>: <strong>C\u00f3mo optimizar la presencia online de tu empresa.<\/strong><\/p>\n<p>El evento tiene como fin seguir apoyando a las pymes, aut\u00f3nomos y emprendedores de cualquier sector en el proceso de Transformaci\u00f3n Digital e incorporaci\u00f3n de <strong>nuevas tecnolog\u00edas en sus modelos de negocio.<\/strong><\/p>\n<p>Desde nuestra <a href=\"https:\/\/acelerapyme.asime.es\/coruna\/\">Oficina Acelera Pyme de A Coru\u00f1a<\/a> os invitamos <strong>asistir al taller<\/strong> que celebraremos el pr\u00f3ximo<span style=\"color: #000000\">\u00a0<strong>29 de mayo a las 12:00hs, en el <a href=\"https:\/\/www.paxinasgalegas.es\/aula-cemit-445739em.html\" target=\"_blank\" rel=\"noopener\">Aula Cemit del Concello de Sada<\/a><\/strong><\/span>\u00a0Este encuentro te brinda la oportunidad de informarte sobre las tecnolog\u00edas disponibles para ayudarte a <strong>mejorar la imagen de tu marca, alcanzar nuevos clientes y mercados e incrementar tus ventas<\/strong>.<\/p>\n<p>En el encuentro estaremos explicando c\u00f3mo puedes incrementar tu presencia en la <strong>web y los beneficios que puedes obtener<\/strong>. Te contaremos como <strong>desarrollar tu propia estrategia comercial<\/strong> y <strong>aprender\u00e1s a alcanzar un reconocimiento tanto a nivel local como nacional.<\/strong><\/p>\n<h3><strong><span style=\"color: #1165ad\">Contenidos<\/span><\/strong><\/h3>\n<p><strong>Emilia Lareo<\/strong>, CEO y directora creativa en <a href=\"https:\/\/www.noroesteweb.com\/\" target=\"_blank\" rel=\"noopener\">Noroesteweb,<\/a> <span style=\"font-size: inherit\">desgranar\u00e1 los siguientes puntos:<\/span><\/p>\n<ul>\n<li>Introducci\u00f3n al SEO<\/li>\n<li>SEO On Page<\/li>\n<li>SEO Off Page<\/li>\n<li>An\u00e1lisis y seguimiento<\/li>\n<li>Preguntas y conclusiones<\/li>\n<\/ul>\n<p>Las empresas asistentes podr\u00e1n plantear sus dudas en la sesi\u00f3n informativa, para ser resueltas por la experta.<\/p>\n<h3><strong><span style=\"color: #1165ad\">Programa<\/span><\/strong><\/h3>\n<p>12:00- 12:10hs Apertura<\/p>\n<ul>\n<li><strong>Cheryll Stonestreet<\/strong>, T\u00e9cnica OAPR Coru\u00f1a, ASIME<\/li>\n<\/ul>\n<p>12:10- 12:55hs Presentaci\u00f3n<\/p>\n<ul>\n<li><strong>Emilia Lareo<\/strong>, CEO, Noroesteweb<\/li>\n<\/ul>\n<p>12:55- 13:05hs Clausura<\/p>\n<ul>\n<li><strong>Cheryll Stonestreet,<\/strong> T\u00e9cnica OAPR Coru\u00f1a, ASIME<\/li>\n<\/ul>\n<h3><strong><span style=\"color: #1165ad\">Inscripci\u00f3n\u00a0<\/span><\/strong><\/h3>\n<p>El encuentro se celebrar\u00e1 en el <strong>Aula Cemit del Concello de Sada<\/strong> en: Avda. da Mari\u00f1a, 46 &#8211; 15160 &#8211; Sada (A Coru\u00f1a)<\/p>\n<p>Las personas que deseen asistir, pueden inscribirse a trav\u00e9s del <a href=\"https:\/\/zfrmz.com\/aJqRPjvLApFIqY50UJl6\" target=\"_blank\" rel=\"noopener\"><strong>formulario de registro.<\/strong><\/a><\/p>\n<p><a href=\"https:\/\/acelerapyme.asime.es\/coruna\/wp-content\/uploads\/sites\/2\/2023\/05\/Taller-Como-optmizar-la-presencia-online_29-05-2023-2.pdf\"><strong>Descarga el programa completo<\/strong><\/a><\/p>","excerpt":"","slug":"taller-como-optimizar-la-presencia-online-de-tu-empresa","image":{"url":"https:\/\/acelerapyme.asime.es\/coruna\/wp-content\/uploads\/sites\/2\/2023\/05\/Sada-Noroesteweb-1-1.png","id":1312,"extension":"png","width":2560,"height":1440,"filesize":610750,"sizes":{"medium":{"width":300,"height":169,"mime-type":"image\/png","filesize":34963,"url":"https:\/\/acelerapyme.asime.es\/coruna\/wp-content\/uploads\/sites\/2\/2023\/05\/Sada-Noroesteweb-1-1-300x169.png"},"large":{"width":1024,"height":576,"mime-type":"image\/png","filesize":206631,"url":"https:\/\/acelerapyme.asime.es\/coruna\/wp-content\/uploads\/sites\/2\/2023\/05\/Sada-Noroesteweb-1-1-1024x576.png"},"thumbnail":{"width":150,"height":150,"mime-type":"image\/png","filesize":14896,"url":"https:\/\/acelerapyme.asime.es\/coruna\/wp-content\/uploads\/sites\/2\/2023\/05\/Sada-Noroesteweb-1-1-150x150.png"},"medium_large":{"width":768,"height":432,"mime-type":"image\/png","filesize":138228,"url":"https:\/\/acelerapyme.asime.es\/coruna\/wp-content\/uploads\/sites\/2\/2023\/05\/Sada-Noroesteweb-1-1-768x432.png"},"1536x1536":{"width":1536,"height":864,"mime-type":"image\/png","filesize":355826,"url":"https:\/\/acelerapyme.asime.es\/coruna\/wp-content\/uploads\/sites\/2\/2023\/05\/Sada-Noroesteweb-1-1-1536x864.png"},"2048x2048":{"width":2048,"height":1152,"mime-type":"image\/png","filesize":529987,"url":"https:\/\/acelerapyme.asime.es\/coruna\/wp-content\/uploads\/sites\/2\/2023\/05\/Sada-Noroesteweb-1-1-2048x1152.png"}}},"all_day":false,"start_date":"2023-05-29 17:00:00","start_date_details":{"year":"2023","month":"05","day":"29","hour":"17","minutes":"00","seconds":"00"},"end_date":"2023-05-29 18:00:00","end_date_details":{"year":"2023","month":"05","day":"29","hour":"18","minutes":"00","seconds":"00"},"utc_start_date":"2023-05-29 17:00:00","utc_start_date_details":{"year":"2023","month":"05","day":"29","hour":"17","minutes":"00","seconds":"00"},"utc_end_date":"2023-05-29 18:00:00","utc_end_date_details":{"year":"2023","month":"05","day":"29","hour":"18","minutes":"00","seconds":"00"},"timezone":"UTC+0","timezone_abbr":"UTC+0","cost":"","cost_details":{"currency_symbol":"","currency_code":"","currency_position":"prefix","values":[]},"website":"","show_map":true,"show_map_link":true,"hide_from_listings":false,"sticky":false,"featured":false,"categories":[],"tags":[],"venue":{"id":1286,"author":"2","status":"publish","date":"2023-05-16 08:11:42","date_utc":"2023-05-16 08:11:42","modified":"2023-05-16 08:11:42","modified_utc":"2023-05-16 08:11:42","url":"https:\/\/acelerapyme.asime.es\/coruna\/local\/aula-cemit-de-sada\/","venue":"Aula Cemit de Sada","slug":"aula-cemit-de-sada","address":"Avda. da Mari\u00f1a, 46","city":"Sada","country":"Espa\u00f1a","province":"A Coru\u00f1a","zip":"15160","phone":"981 977 265","stateprovince":"A Coru\u00f1a","json_ld":{"@type":"Place","name":"Aula Cemit de Sada","description":"","url":"","address":{"@type":"PostalAddress","streetAddress":"Avda. da Mari\u00f1a, 46","addressLocality":"Sada","addressRegion":"A Coru\u00f1a","postalCode":"15160","addressCountry":"Espa\u00f1a"},"telephone":"981 977 265","sameAs":""},"show_map":true,"show_map_link":true,"global_id":"acelerapyme.asime.es\/coruna?id=1286","global_id_lineage":["acelerapyme.asime.es\/coruna?id=1286"]},"organizer":[{"id":760,"author":"2","status":"publish","date":"2023-02-17 09:14:03","date_utc":"2023-02-17 09:14:03","modified":"2023-02-17 09:14:03","modified_utc":"2023-02-17 09:14:03","url":"https:\/\/acelerapyme.asime.es\/coruna\/organizador\/oficina-acelera-pyme-a-coruna\/","organizer":"Oficina Acelera Pyme A Coru\u00f1a","slug":"oficina-acelera-pyme-a-coruna","phone":"633704572","json_ld":{"@type":"Person","name":"Oficina Acelera Pyme A Coru\u00f1a","description":"","url":"","telephone":"633704572","email":"","sameAs":""},"global_id":"acelerapyme.asime.es\/coruna?id=760","global_id_lineage":["acelerapyme.asime.es\/coruna?id=760"]}],"json_ld":{"@context":"http:\/\/schema.org","@type":"Event","name":"Taller: C\u00f3mo optimizar la presencia online de tu empresa","description":"&lt;p&gt;Nos complace anunciaros la celebraci\u00f3n de nuestro primer Taller para el Concello de Sada: C\u00f3mo optimizar la presencia online de tu empresa. El evento tiene como fin seguir apoyando a ... &lt;a title=&quot;Taller: C\u00f3mo optimizar la presencia online de tu empresa&quot; class=&quot;read-more&quot; href=&quot;https:\/\/acelerapyme.asime.es\/coruna\/evento\/taller-como-optimizar-la-presencia-online-de-tu-empresa\/&quot; aria-label=&quot;M\u00e1s en Taller: C\u00f3mo optimizar la presencia online de tu empresa&quot;&gt;Leer m\u00e1s&lt;\/a&gt;&lt;\/p&gt;\\n","image":"https:\/\/acelerapyme.asime.es\/coruna\/wp-content\/uploads\/sites\/2\/2023\/05\/Sada-Noroesteweb-1-1.png","url":"https:\/\/acelerapyme.asime.es\/coruna\/evento\/taller-como-optimizar-la-presencia-online-de-tu-empresa\/","eventAttendanceMode":"https:\/\/schema.org\/OfflineEventAttendanceMode","startDate":"2023-05-29T17:00:00+00:00","endDate":"2023-05-29T18:00:00+00:00","location":{"@type":"Place","name":"Aula Cemit de Sada","description":"","url":"","address":{"@type":"PostalAddress","streetAddress":"Avda. da Mari\u00f1a, 46","addressLocality":"Sada","addressRegion":"A Coru\u00f1a","postalCode":"15160","addressCountry":"Espa\u00f1a"},"telephone":"981 977 265","sameAs":""},"organizer":{"@type":"Person","name":"Oficina Acelera Pyme A Coru\u00f1a","description":"","url":"","telephone":"633704572","email":"","sameAs":""},"performer":"Organization"}}